{"id":295,"date":"2025-06-20T13:03:00","date_gmt":"2025-06-20T11:03:00","guid":{"rendered":"https:\/\/makakofilms.com\/?p=295"},"modified":"2025-07-15T18:08:47","modified_gmt":"2025-07-15T16:08:47","slug":"ficaeco-rio-de-janeir","status":"publish","type":"post","link":"https:\/\/makakofilms.com\/index.php\/2025\/06\/20\/ficaeco-rio-de-janeir\/","title":{"rendered":"2do Festival Internacional de Cine Agroecol\u00f3gico (FicaEco) Rio de Janeiro"},"content":{"rendered":"\n[et_pb_section fb_built=&#8221;1&#8243; admin_label=&#8221;section&#8221; _builder_version=&#8221;4.16&#8243; custom_padding=&#8221;|0px||||&#8221; global_colors_info=&#8221;{}&#8221;][et_pb_row admin_label=&#8221;row&#8221; _builder_version=&#8221;4.16&#8243; background_size=&#8221;initial&#8221; background_position=&#8221;top_left&#8221; background_repeat=&#8221;repeat&#8221; width=&#8221;88.4%&#8221; custom_margin=&#8221;-52px|auto||auto||&#8221; global_colors_info=&#8221;{}&#8221;][et_pb_column type=&#8221;4_4&#8243; _builder_version=&#8221;4.16&#8243; custom_padding=&#8221;|||&#8221; global_colors_info=&#8221;{}&#8221; custom_padding__hover=&#8221;|||&#8221;][et_pb_text admin_label=&#8221;Text&#8221; _builder_version=&#8221;4.17.4&#8243; text_font=&#8221;Abel||||||||&#8221; background_size=&#8221;initial&#8221; background_position=&#8221;top_left&#8221; background_repeat=&#8221;repeat&#8221; width=&#8221;100%&#8221; custom_padding=&#8221;|83px|0px|||&#8221; hover_enabled=&#8221;0&#8243; global_colors_info=&#8221;{}&#8221; sticky_enabled=&#8221;0&#8243;]<p>&nbsp;<\/p>\n<p><strong>2do Festival Internacional de Cine Agroecol\u00f3gico (FicaEco)<\/strong><\/p>\n<p><img decoding=\"async\" loading=\"lazy\" src=\"http:\/\/makakofilms.com\/wp-content\/uploads\/2023\/12\/IMG_20231122_120119-scaled.jpg\" width=\"2560\" height=\"1152\" alt=\"\" class=\"wp-image-298 alignnone size-full\" srcset=\"http:\/\/makakofilms.com\/wp-content\/uploads\/2023\/12\/IMG_20231122_120119-scaled.jpg 2560w, http:\/\/makakofilms.com\/wp-content\/uploads\/2023\/12\/IMG_20231122_120119-1280x576.jpg 1280w, http:\/\/makakofilms.com\/wp-content\/uploads\/2023\/12\/IMG_20231122_120119-980x441.jpg 980w, http:\/\/makakofilms.com\/wp-content\/uploads\/2023\/12\/IMG_20231122_120119-480x216.jpg 480w\" sizes=\"(min-width: 0px) and (max-width: 480px) 480px, (min-width: 481px) and (max-width: 980px) 980px, (min-width: 981px) and (max-width: 1280px) 1280px, (min-width: 1281px) 2560px, 100vw\" \/><\/p>\n<p style=\"text-align: justify;\">No es nuevo que el arte influya en la vida de las personas. Sin embargo, pocas personas conocen el poder que tiene el cine en nuestras vidas. Casi todo lo que hoy vemos culturalmente en el pa\u00eds es resultado del conjunto de creencias que, directa o indirectamente, transmiten sus caracter\u00edsticas culturales que formaron lo que hoy es Am\u00e9rica Latina: un conglomerado de pueblos, culturas, creencias, colores, movimientos, luchas. y resistencia.<\/p>\n<p>Al abordar las condiciones espec\u00edficas de la vida cultural brasile\u00f1a, los cineastas, as\u00ed como los productores, guionistas y otros actores\/actrices de Am\u00e9rica Latina, a lo largo del tiempo han buscado filmar a su gente de la manera m\u00e1s cercana posible, mostrando sus experiencias, historias, tragedias, leyendas, musicalidad y religiosidad como expresiones leg\u00edtimas del alma latina.<\/p>\n<p>&nbsp;<\/p>\n<p>Y para potenciar la difusi\u00f3n de toda esta producci\u00f3n cinematogr\u00e1fica latinoamericana, el II Festival Internacional de Cine Agroecol\u00f3gico (FICAECO), se realizar\u00f3 entre los d\u00edas 21 y 23 de noviembre de 2023, en el Cine Ode\u00f3n, tambi\u00e9n conocido como Centro Cultural Luiz Severiano Ribeiro y Ode\u00f3n Petrobras, es un cine ubicado en la Pra\u00e7a Floriano, en Cinel\u00e2ndia, en el centro de R\u00edo de Janeiro.<\/p>[\/et_pb_text][\/et_pb_column][\/et_pb_row][\/et_pb_section]\n","protected":false},"excerpt":{"rendered":"<p>&nbsp; 2do Festival Internacional de Cine Agroecol\u00f3gico (FicaEco) No es nuevo que el arte influya en la vida de las personas. Sin embargo, pocas personas conocen el poder que tiene el cine en nuestras vidas. Casi todo lo que hoy vemos culturalmente en el pa\u00eds es resultado del conjunto de creencias que, directa o indirectamente, [&hellip;]<\/p>\n","protected":false},"author":1,"featured_media":302,"comment_status":"open","ping_status":"open","sticky":false,"template":"","format":"standard","meta":{"_et_pb_use_builder":"on","_et_pb_old_content":"","_et_gb_content_width":"","footnotes":""},"categories":[1],"tags":[],"_links":{"self":[{"href":"https:\/\/makakofilms.com\/index.php\/wp-json\/wp\/v2\/posts\/295"}],"collection":[{"href":"https:\/\/makakofilms.com\/index.php\/wp-json\/wp\/v2\/posts"}],"about":[{"href":"https:\/\/makakofilms.com\/index.php\/wp-json\/wp\/v2\/types\/post"}],"author":[{"embeddable":true,"href":"https:\/\/makakofilms.com\/index.php\/wp-json\/wp\/v2\/users\/1"}],"replies":[{"embeddable":true,"href":"https:\/\/makakofilms.com\/index.php\/wp-json\/wp\/v2\/comments?post=295"}],"version-history":[{"count":9,"href":"https:\/\/makakofilms.com\/index.php\/wp-json\/wp\/v2\/posts\/295\/revisions"}],"predecessor-version":[{"id":477,"href":"https:\/\/makakofilms.com\/index.php\/wp-json\/wp\/v2\/posts\/295\/revisions\/477"}],"wp:featuredmedia":[{"embeddable":true,"href":"https:\/\/makakofilms.com\/index.php\/wp-json\/wp\/v2\/media\/302"}],"wp:attachment":[{"href":"https:\/\/makakofilms.com\/index.php\/wp-json\/wp\/v2\/media?parent=295"}],"wp:term":[{"taxonomy":"category","embeddable":true,"href":"https:\/\/makakofilms.com\/index.php\/wp-json\/wp\/v2\/categories?post=295"},{"taxonomy":"post_tag","embeddable":true,"href":"https:\/\/makakofilms.com\/index.php\/wp-json\/wp\/v2\/tags?post=295"}],"curies":[{"name":"wp","href":"https:\/\/api.w.org\/{rel}","templated":true}]}}